{"id":137,"date":"2025-03-19T00:00:00","date_gmt":"2025-03-19T00:00:00","guid":{"rendered":"https:\/\/dtsopleidingen.nl\/wat-voor-soort-tas-past-bij-flared-broeken\/"},"modified":"2025-04-02T11:10:57","modified_gmt":"2025-04-02T10:10:57","slug":"wat-voor-soort-tas-past-bij-flared-broeken","status":"publish","type":"post","link":"https:\/\/dtsopleidingen.nl\/ro\/wat-voor-soort-tas-past-bij-flared-broeken\/","title":{"rendered":"Ce fel de geant\u0103 se potrive\u0219te cu pantaloni evaza\u021bi?"},"content":{"rendered":"<div class=\"kk-star-ratings kksr-auto kksr-align-left kksr-valign-top\"\n    data-payload='{&quot;align&quot;:&quot;left&quot;,&quot;id&quot;:&quot;137&quot;,&quot;slug&quot;:&quot;default&quot;,&quot;valign&quot;:&quot;top&quot;,&quot;ignore&quot;:&quot;&quot;,&quot;reference&quot;:&quot;auto&quot;,&quot;class&quot;:&quot;&quot;,&quot;count&quot;:&quot;0&quot;,&quot;legendonly&quot;:&quot;&quot;,&quot;readonly&quot;:&quot;&quot;,&quot;score&quot;:&quot;0&quot;,&quot;starsonly&quot;:&quot;&quot;,&quot;best&quot;:&quot;5&quot;,&quot;gap&quot;:&quot;5&quot;,&quot;greet&quot;:&quot;Rate this post&quot;,&quot;legend&quot;:&quot;0\\\/5 - (0 votes)&quot;,&quot;size&quot;:&quot;24&quot;,&quot;title&quot;:&quot;Wat voor soort tas past bij flared broeken?&quot;,&quot;width&quot;:&quot;0&quot;,&quot;_legend&quot;:&quot;{score}\\\/{best} - ({count} {votes})&quot;,&quot;font_factor&quot;:&quot;1.25&quot;}'>\n            \n<div class=\"kksr-stars\">\n    \n<div class=\"kksr-stars-inactive\">\n            <div class=\"kksr-star\" data-star=\"1\" style=\"padding-right: 5px\">\n            \n\n<div class=\"kksr-icon\" style=\"width: 24px; height: 24px;\"><\/div>\n        <\/div>\n            <div class=\"kksr-star\" data-star=\"2\" style=\"padding-right: 5px\">\n            \n\n<div class=\"kksr-icon\" style=\"width: 24px; height: 24px;\"><\/div>\n        <\/div>\n            <div class=\"kksr-star\" data-star=\"3\" style=\"padding-right: 5px\">\n            \n\n<div class=\"kksr-icon\" style=\"width: 24px; height: 24px;\"><\/div>\n        <\/div>\n            <div class=\"kksr-star\" data-star=\"4\" style=\"padding-right: 5px\">\n            \n\n<div class=\"kksr-icon\" style=\"width: 24px; height: 24px;\"><\/div>\n        <\/div>\n            <div class=\"kksr-star\" data-star=\"5\" style=\"padding-right: 5px\">\n            \n\n<div class=\"kksr-icon\" style=\"width: 24px; height: 24px;\"><\/div>\n        <\/div>\n    <\/div>\n    \n<div class=\"kksr-stars-active\" style=\"width: 0px;\">\n            <div class=\"kksr-star\" style=\"padding-right: 5px\">\n            \n\n<div class=\"kksr-icon\" style=\"width: 24px; height: 24px;\"><\/div>\n        <\/div>\n            <div class=\"kksr-star\" style=\"padding-right: 5px\">\n            \n\n<div class=\"kksr-icon\" style=\"width: 24px; height: 24px;\"><\/div>\n        <\/div>\n            <div class=\"kksr-star\" style=\"padding-right: 5px\">\n            \n\n<div class=\"kksr-icon\" style=\"width: 24px; height: 24px;\"><\/div>\n        <\/div>\n            <div class=\"kksr-star\" style=\"padding-right: 5px\">\n            \n\n<div class=\"kksr-icon\" style=\"width: 24px; height: 24px;\"><\/div>\n        <\/div>\n            <div class=\"kksr-star\" style=\"padding-right: 5px\">\n            \n\n<div class=\"kksr-icon\" style=\"width: 24px; height: 24px;\"><\/div>\n        <\/div>\n    <\/div>\n<\/div>\n                \n\n<div class=\"kksr-legend\" style=\"font-size: 19.2px;\">\n            <span class=\"kksr-muted\">Evalueaz\u0103 aceast\u0103 postare<\/span>\n    <\/div>\n    <\/div>\n<p>Pantalonii evaza\u021bi au revenit \u00een for\u021b\u0103 \u00een ultimii ani. Acest stil unic, care prezint\u0103 un tiv evazat sau evazat, ofer\u0103 posibilit\u0103\u021bi nesf\u00e2r\u0219ite pentru diferite \u021binute. Dar accesoriul potrivit, cum ar fi o geant\u0103, poate face o diferen\u021b\u0103 enorm\u0103 \u00een aspectul t\u0103u. Acest articol exploreaz\u0103 numeroasele op\u021biuni \u0219i te ajut\u0103 s\u0103 g\u0103se\u0219ti geanta perfect\u0103 pentru a duce orice \u021binut\u0103 evazat\u0103 la noi culmi. Indiferent dac\u0103 mergi la o ie\u0219ire casual sau la o ocazie formal\u0103, geanta potrivit\u0103 \u00ee\u021bi poate completa \u021binuta. Hai s\u0103 ne cufund\u0103m \u00een lumea pantalonilor evaza\u021bi \u0219i a gen\u021bilor care se potrivesc cu ace\u0219tia.<\/p>\n<h2>Varia\u021bii de stil ale pantalonilor evaza\u021bi<\/h2>\n<p><img decoding=\"async\" alt=\"Een vrouw in een grijs pak staat in een moderne kantoorruimte met grote ramen. Ze houdt een tas vast.\" src=\"https:\/\/dtsopleidingen.nl\/wp-content\/uploads\/2025\/03\/image023e86b72786473a910f70c7f7d94595.png\"\/><\/p>\n<p>Pantalonii evaza\u021bi vin \u00een diferite stiluri \u0219i materiale, ceea ce va influen\u021ba alegerea gen\u021bii tale. De exemplu, dac\u0103 alegi pantaloni evaza\u021bi casual, vei avea nevoie de o geant\u0103 care s\u0103 se potriveasc\u0103 cu aceasta. Este esen\u021bial s\u0103 asortezi geanta cu ocazia \u0219i stilul pantalonilor t\u0103i.<\/p>\n<p>\u00cen general, distingem dou\u0103 categorii de pantaloni evaza\u021bi, \u0219i anume casual \u0219i formali. Mai jos ve\u021bi g\u0103si o prezentare general\u0103 a gen\u021bilor potrivite pentru fiecare tip:<\/p>\n<table border=\"1\">\n<tr>\n<th>Tip Pantaloni evaza\u021bi<\/th>\n<th>Geant\u0103 asortat\u0103<\/th>\n<\/tr>\n<tr>\n<td>Pantaloni evaza\u021bi casual<\/td>\n<td>Gen\u021bi tote, Gen\u021bi crossbody<\/td>\n<\/tr>\n<tr>\n<td>Pantaloni evaza\u021bi formali<\/td>\n<td>Gen\u021bi tip clutch, gen\u021bi de um\u0103r cu aspect elegant<\/td>\n<\/tr>\n<\/table>\n<h2>Materialele \u0219i culorile gen\u021bilor<\/h2>\n<p><img decoding=\"async\" alt=\"Een vrouw in een casual outfit wandelt door een levendige markthal vol kleuren en verse producten.\" src=\"https:\/\/dtsopleidingen.nl\/wp-content\/uploads\/2025\/03\/image36be846721cd4c0eb876f20b07473e24.png\"\/><\/p>\n<p>Alegerea propriet\u0103\u021bilor materialelor pentru genta ta poate avea un impact semnificativ asupra aspectului t\u0103u general. Culorile neutre ofer\u0103 cea mai mare versatilitate, \u00een timp ce culorile str\u0103lucitoare \u0219i imprimeurile \u00ee\u021bi pot accentua stilul. Prin varia\u021bia texturii \u0219i culorii, po\u021bi face \u021binuta ta mai dinamic\u0103.<\/p>\n<p>C\u00e2teva materiale populare pentru gen\u021bi sunt:<\/p>\n<ul>\n<li>Gen\u021bi din piele: atemporale \u0219i durabile<\/li>\n<li>Gen\u021bi de p\u00e2nz\u0103: casual \u0219i practice<\/li>\n<li>Materiale vopsite: pentru o not\u0103 suplimentar\u0103 de culoare<\/li>\n<\/ul>\n<p>Atunci c\u00e2nd alege\u021bi culorile, este \u00een\u021belept s\u0103 \u021bine\u021bi cont de urm\u0103toarele:<\/p>\n<ul>\n<li>Culorile neutre precum negrul, griul sau bejul se potrivesc bine cu aproape orice pantaloni evaza\u021bi.<\/li>\n<li>Culorile str\u0103lucitoare pot crea o impresie puternic\u0103 \u0219i pot atrage aten\u021bia.<\/li>\n<li>Imprimeurile \u0219i modelele pot ad\u0103uga, de asemenea, accente frumoase \u021binutei tale.<\/li>\n<\/ul>\n<h2>Accesorii pentru a-\u021bi completa look-ul<\/h2>\n<p>Pe l\u00e2ng\u0103 alegerea gen\u021bii potrivite, este important s\u0103 \u00ee\u021bi completezi \u021binuta cu accesorii. P\u0103l\u0103riile, bijuteriile sau e\u0219arfele pot ad\u0103uga o not\u0103 de farmec \u021binutei tale cu pantaloni evaza\u021bi. Acest lucru nu numai c\u0103 va face \u021binuta ta mai complet\u0103, ci \u0219i mai personal\u0103.<\/p>\n<p>Iat\u0103 c\u00e2teva accesorii ideale de luat \u00een considerare:<\/p>\n<ul>\n<li>P\u0103l\u0103rii: un detaliu elegant care completeaz\u0103 \u021binuta<\/li>\n<li>Bijuterii: cum ar fi coliere sau br\u0103\u021b\u0103ri pentru o not\u0103 str\u0103lucitoare<\/li>\n<li>E\u0219arfe: pot fi at\u00e2t practice, c\u00e2t \u0219i elegante \u00een diferite anotimpuri<\/li>\n<\/ul>\n<h2>Concluzie<\/h2>\n<p>Alegerea gen\u021bii potrivite pentru pantalonii evaza\u021bi poate avea un impact pozitiv asupra \u021binutei tale. Indiferent dac\u0103 optezi pentru o \u021binut\u0103 casual sau formal\u0103, cheia este s\u0103 fii tu \u00eens\u0103\u021bi \u0219i s\u0103 alegi gen\u021bi care reflect\u0103 stilul t\u0103u personal. Experimenteaz\u0103 cu diferite culori, materiale \u0219i accesorii pentru a crea un look complet personal. Nu uita c\u0103 moda \u00eenseamn\u0103 \u0219i distrac\u021bie \u0219i creativitate!<\/p>\n<h2>\u00centreb\u0103ri frecvente<\/h2>\n<ul>\n<li><strong>Ce fel de geant\u0103 se potrive\u0219te cu blugi evaza\u021bi?<\/strong> O geant\u0103 crossbody sau o geant\u0103 tote se poate potrivi bine cu blugi evaza\u021bi casual, \u00een timp ce o geant\u0103 clutch sau de um\u0103r este mai potrivit\u0103 pentru un look formal.<\/li>\n<li><strong>Se pot purta gen\u021bi mari cu pantaloni evaza\u021bi?<\/strong> Da, gen\u021bile mari pot fi un plus frumos pentru pantalonii evaza\u021bi, mai ales dac\u0103 sunt \u00een culori neutre care echilibreaz\u0103 \u021binuta.<\/li>\n<li><strong>Ce culoare de geant\u0103 se potrive\u0219te cel mai bine cu pantaloni evaza\u021bi negri?<\/strong> Pantalonii evaza\u021bi negri se potrivesc at\u00e2t cu culori neutre, c\u00e2t \u0219i cu cele str\u0103lucitoare, \u00een func\u021bie de aspectul pe care dori\u021bi s\u0103 \u00eel ob\u021bine\u021bi.<\/li>\n<li><strong>Care sunt cele mai bune materiale pentru gen\u021bi pentru pantaloni evaza\u021bi?<\/strong> Pielea \u0219i p\u00e2nza sunt alegeri populare, dar \u021bes\u0103turile imprimate pot ad\u0103uga \u0219i ele o not\u0103 pl\u0103cut\u0103 \u021binutei tale.<\/li>\n<li><strong>Ar trebui s\u0103-mi asortez geanta cu pantofii?<\/strong> Nu este necesar s\u0103 asortezi exact geanta \u0219i pantofii, dar o schem\u0103 de culori unitar\u0103 poate crea o \u021binut\u0103 echilibrat\u0103.<\/li>\n<\/ul>","protected":false},"excerpt":{"rendered":"<p>Pantalonii evaza\u021bi au revenit la mod\u0103 \u00een ultimii ani. Acest stil unic, care prezint\u0103 un tiv evazat sau evazat, ofer\u0103 nenum\u0103rate posibilit\u0103\u021bi pentru diferite \u021binute. Dar accesoriul potrivit, cum ar fi o geant\u0103, poate face o diferen\u021b\u0103 enorm\u0103 \u00een aspectul t\u0103u. Acest articol exploreaz\u0103 numeroasele op\u021biuni \u0219i te ajut\u0103 s\u0103 g\u0103se\u0219ti [\u2026]<\/p>","protected":false},"author":2,"featured_media":134,"comment_status":"open","ping_status":"open","sticky":false,"template":"","format":"standard","meta":{"_acf_changed":false,"footnotes":""},"categories":[1],"tags":[],"class_list":["post-137","post","type-post","status-publish","format-standard","has-post-thumbnail","hentry","category-artikelen"],"acf":[],"yoast_head":"<!-- This site is optimized with the Yoast SEO plugin v23.2 - https:\/\/yoast.com\/wordpress\/plugins\/seo\/ -->\n<title>Welke tas past het beste bij flared broeken? Ontdek tips en stijlen!<\/title>\n<meta name=\"description\" content=\"Ontdek de perfecte tassen voor flared broeken en leer hoe je jouw outfit stijlvol afmaakt met accessoires en kleuren.\" \/>\n<meta name=\"robots\" content=\"index, follow, max-snippet:-1, max-image-preview:large, max-video-preview:-1\" \/>\n<link rel=\"canonical\" href=\"https:\/\/dtsopleidingen.nl\/ro\/wat-voor-soort-tas-past-bij-flared-broeken\/\" \/>\n<meta property=\"og:locale\" content=\"ro_RO\" \/>\n<meta property=\"og:type\" content=\"article\" \/>\n<meta property=\"og:title\" content=\"Welke tas past het beste bij flared broeken? Ontdek tips en stijlen!\" \/>\n<meta property=\"og:description\" content=\"Ontdek de perfecte tassen voor flared broeken en leer hoe je jouw outfit stijlvol afmaakt met accessoires en kleuren.\" \/>\n<meta property=\"og:url\" content=\"https:\/\/dtsopleidingen.nl\/ro\/wat-voor-soort-tas-past-bij-flared-broeken\/\" \/>\n<meta property=\"og:site_name\" content=\"dtsopleidingen.nl\" \/>\n<meta property=\"article:published_time\" content=\"2025-03-19T00:00:00+00:00\" \/>\n<meta property=\"article:modified_time\" content=\"2025-04-02T10:10:57+00:00\" \/>\n<meta property=\"og:image\" content=\"https:\/\/dtsopleidingen.nl\/wp-content\/uploads\/2025\/03\/image05670adeada5429da7be01f699869cb8.png\" \/>\n\t<meta property=\"og:image:width\" content=\"1024\" \/>\n\t<meta property=\"og:image:height\" content=\"768\" \/>\n\t<meta property=\"og:image:type\" content=\"image\/png\" \/>\n<meta name=\"author\" content=\"Miranda Peeters\" \/>\n<meta name=\"twitter:card\" content=\"summary_large_image\" \/>\n<meta name=\"twitter:label1\" content=\"Scris de\" \/>\n\t<meta name=\"twitter:data1\" content=\"Miranda Peeters\" \/>\n\t<meta name=\"twitter:label2\" content=\"Timp estimat pentru citire\" \/>\n\t<meta name=\"twitter:data2\" content=\"3 minute\" \/>\n<script type=\"application\/ld+json\" class=\"yoast-schema-graph\">{\"@context\":\"https:\/\/schema.org\",\"@graph\":[{\"@type\":\"WebPage\",\"@id\":\"https:\/\/dtsopleidingen.nl\/wat-voor-soort-tas-past-bij-flared-broeken\/\",\"url\":\"https:\/\/dtsopleidingen.nl\/wat-voor-soort-tas-past-bij-flared-broeken\/\",\"name\":\"Welke tas past het beste bij flared broeken? Ontdek tips en stijlen!\",\"isPartOf\":{\"@id\":\"https:\/\/dtsopleidingen.nl\/#website\"},\"primaryImageOfPage\":{\"@id\":\"https:\/\/dtsopleidingen.nl\/wat-voor-soort-tas-past-bij-flared-broeken\/#primaryimage\"},\"image\":{\"@id\":\"https:\/\/dtsopleidingen.nl\/wat-voor-soort-tas-past-bij-flared-broeken\/#primaryimage\"},\"thumbnailUrl\":\"https:\/\/dtsopleidingen.nl\/wp-content\/uploads\/2025\/03\/image05670adeada5429da7be01f699869cb8.png\",\"datePublished\":\"2025-03-19T00:00:00+00:00\",\"dateModified\":\"2025-04-02T10:10:57+00:00\",\"author\":{\"@id\":\"https:\/\/dtsopleidingen.nl\/#\/schema\/person\/bed7fb025033dc7d03c9824108d6c99a\"},\"description\":\"Ontdek de perfecte tassen voor flared broeken en leer hoe je jouw outfit stijlvol afmaakt met accessoires en kleuren.\",\"breadcrumb\":{\"@id\":\"https:\/\/dtsopleidingen.nl\/wat-voor-soort-tas-past-bij-flared-broeken\/#breadcrumb\"},\"inLanguage\":\"ro-RO\",\"potentialAction\":[{\"@type\":\"ReadAction\",\"target\":[\"https:\/\/dtsopleidingen.nl\/wat-voor-soort-tas-past-bij-flared-broeken\/\"]}]},{\"@type\":\"ImageObject\",\"inLanguage\":\"ro-RO\",\"@id\":\"https:\/\/dtsopleidingen.nl\/wat-voor-soort-tas-past-bij-flared-broeken\/#primaryimage\",\"url\":\"https:\/\/dtsopleidingen.nl\/wp-content\/uploads\/2025\/03\/image05670adeada5429da7be01f699869cb8.png\",\"contentUrl\":\"https:\/\/dtsopleidingen.nl\/wp-content\/uploads\/2025\/03\/image05670adeada5429da7be01f699869cb8.png\",\"width\":1024,\"height\":768},{\"@type\":\"BreadcrumbList\",\"@id\":\"https:\/\/dtsopleidingen.nl\/wat-voor-soort-tas-past-bij-flared-broeken\/#breadcrumb\",\"itemListElement\":[{\"@type\":\"ListItem\",\"position\":1,\"name\":\"Home\",\"item\":\"https:\/\/dtsopleidingen.nl\/\"},{\"@type\":\"ListItem\",\"position\":2,\"name\":\"Wat voor soort tas past bij flared broeken?\"}]},{\"@type\":\"WebSite\",\"@id\":\"https:\/\/dtsopleidingen.nl\/#website\",\"url\":\"https:\/\/dtsopleidingen.nl\/\",\"name\":\"dtsopleidingen.nl\",\"description\":\"Ontdek de laatste mode-inzichten, kledingtrends en stijltips\",\"potentialAction\":[{\"@type\":\"SearchAction\",\"target\":{\"@type\":\"EntryPoint\",\"urlTemplate\":\"https:\/\/dtsopleidingen.nl\/?s={search_term_string}\"},\"query-input\":\"required name=search_term_string\"}],\"inLanguage\":\"ro-RO\"},{\"@type\":\"Person\",\"@id\":\"https:\/\/dtsopleidingen.nl\/#\/schema\/person\/bed7fb025033dc7d03c9824108d6c99a\",\"name\":\"Miranda Peeters\",\"image\":{\"@type\":\"ImageObject\",\"inLanguage\":\"ro-RO\",\"@id\":\"https:\/\/dtsopleidingen.nl\/#\/schema\/person\/image\/\",\"url\":\"https:\/\/dtsopleidingen.nl\/wp-content\/uploads\/2025\/02\/miranda-peeters_avatar-96x96.jpg\",\"contentUrl\":\"https:\/\/dtsopleidingen.nl\/wp-content\/uploads\/2025\/02\/miranda-peeters_avatar-96x96.jpg\",\"caption\":\"Miranda Peeters\"},\"description\":\"Ik ben Miranda Peeters, een mode-antropoloog uit Amsterdam die kleding beschouwt als een levend verhaal zonder woorden. Met vijftien jaar ervaring transformeer ik mode van een oppervlakkige trend naar een diepgaande reis van zelfontdekking, waarbij ik esthetiek en ethiek versmelten tot een persoonlijk kunstmanifest.\",\"url\":\"https:\/\/dtsopleidingen.nl\/ro\/author\/miranda-peeters\/\"}]}<\/script>\n<!-- \/ Yoast SEO plugin. -->","yoast_head_json":{"title":"Welke tas past het beste bij flared broeken? Ontdek tips en stijlen!","description":"Ontdek de perfecte tassen voor flared broeken en leer hoe je jouw outfit stijlvol afmaakt met accessoires en kleuren.","robots":{"index":"index","follow":"follow","max-snippet":"max-snippet:-1","max-image-preview":"max-image-preview:large","max-video-preview":"max-video-preview:-1"},"canonical":"https:\/\/dtsopleidingen.nl\/ro\/wat-voor-soort-tas-past-bij-flared-broeken\/","og_locale":"ro_RO","og_type":"article","og_title":"Welke tas past het beste bij flared broeken? Ontdek tips en stijlen!","og_description":"Ontdek de perfecte tassen voor flared broeken en leer hoe je jouw outfit stijlvol afmaakt met accessoires en kleuren.","og_url":"https:\/\/dtsopleidingen.nl\/ro\/wat-voor-soort-tas-past-bij-flared-broeken\/","og_site_name":"dtsopleidingen.nl","article_published_time":"2025-03-19T00:00:00+00:00","article_modified_time":"2025-04-02T10:10:57+00:00","og_image":[{"width":1024,"height":768,"url":"https:\/\/dtsopleidingen.nl\/wp-content\/uploads\/2025\/03\/image05670adeada5429da7be01f699869cb8.png","type":"image\/png"}],"author":"Miranda Peeters","twitter_card":"summary_large_image","twitter_misc":{"Scris de":"Miranda Peeters","Timp estimat pentru citire":"3 minute"},"schema":{"@context":"https:\/\/schema.org","@graph":[{"@type":"WebPage","@id":"https:\/\/dtsopleidingen.nl\/wat-voor-soort-tas-past-bij-flared-broeken\/","url":"https:\/\/dtsopleidingen.nl\/wat-voor-soort-tas-past-bij-flared-broeken\/","name":"Welke tas past het beste bij flared broeken? Ontdek tips en stijlen!","isPartOf":{"@id":"https:\/\/dtsopleidingen.nl\/#website"},"primaryImageOfPage":{"@id":"https:\/\/dtsopleidingen.nl\/wat-voor-soort-tas-past-bij-flared-broeken\/#primaryimage"},"image":{"@id":"https:\/\/dtsopleidingen.nl\/wat-voor-soort-tas-past-bij-flared-broeken\/#primaryimage"},"thumbnailUrl":"https:\/\/dtsopleidingen.nl\/wp-content\/uploads\/2025\/03\/image05670adeada5429da7be01f699869cb8.png","datePublished":"2025-03-19T00:00:00+00:00","dateModified":"2025-04-02T10:10:57+00:00","author":{"@id":"https:\/\/dtsopleidingen.nl\/#\/schema\/person\/bed7fb025033dc7d03c9824108d6c99a"},"description":"Ontdek de perfecte tassen voor flared broeken en leer hoe je jouw outfit stijlvol afmaakt met accessoires en kleuren.","breadcrumb":{"@id":"https:\/\/dtsopleidingen.nl\/wat-voor-soort-tas-past-bij-flared-broeken\/#breadcrumb"},"inLanguage":"ro-RO","potentialAction":[{"@type":"ReadAction","target":["https:\/\/dtsopleidingen.nl\/wat-voor-soort-tas-past-bij-flared-broeken\/"]}]},{"@type":"ImageObject","inLanguage":"ro-RO","@id":"https:\/\/dtsopleidingen.nl\/wat-voor-soort-tas-past-bij-flared-broeken\/#primaryimage","url":"https:\/\/dtsopleidingen.nl\/wp-content\/uploads\/2025\/03\/image05670adeada5429da7be01f699869cb8.png","contentUrl":"https:\/\/dtsopleidingen.nl\/wp-content\/uploads\/2025\/03\/image05670adeada5429da7be01f699869cb8.png","width":1024,"height":768},{"@type":"BreadcrumbList","@id":"https:\/\/dtsopleidingen.nl\/wat-voor-soort-tas-past-bij-flared-broeken\/#breadcrumb","itemListElement":[{"@type":"ListItem","position":1,"name":"Home","item":"https:\/\/dtsopleidingen.nl\/"},{"@type":"ListItem","position":2,"name":"Wat voor soort tas past bij flared broeken?"}]},{"@type":"WebSite","@id":"https:\/\/dtsopleidingen.nl\/#website","url":"https:\/\/dtsopleidingen.nl\/","name":"dtsopleidingen.nl","description":"Ontdek de laatste mode-inzichten, kledingtrends en stijltips","potentialAction":[{"@type":"SearchAction","target":{"@type":"EntryPoint","urlTemplate":"https:\/\/dtsopleidingen.nl\/?s={search_term_string}"},"query-input":"required name=search_term_string"}],"inLanguage":"ro-RO"},{"@type":"Person","@id":"https:\/\/dtsopleidingen.nl\/#\/schema\/person\/bed7fb025033dc7d03c9824108d6c99a","name":"Miranda Peeters","image":{"@type":"ImageObject","inLanguage":"ro-RO","@id":"https:\/\/dtsopleidingen.nl\/#\/schema\/person\/image\/","url":"https:\/\/dtsopleidingen.nl\/wp-content\/uploads\/2025\/02\/miranda-peeters_avatar-96x96.jpg","contentUrl":"https:\/\/dtsopleidingen.nl\/wp-content\/uploads\/2025\/02\/miranda-peeters_avatar-96x96.jpg","caption":"Miranda Peeters"},"description":"Ik ben Miranda Peeters, een mode-antropoloog uit Amsterdam die kleding beschouwt als een levend verhaal zonder woorden. Met vijftien jaar ervaring transformeer ik mode van een oppervlakkige trend naar een diepgaande reis van zelfontdekking, waarbij ik esthetiek en ethiek versmelten tot een persoonlijk kunstmanifest.","url":"https:\/\/dtsopleidingen.nl\/ro\/author\/miranda-peeters\/"}]}},"yoast_meta":{"yoast_wpseo_title":"","yoast_wpseo_metadesc":"","yoast_wpseo_canonical":"https:\/\/dtsopleidingen.nl\/ro\/wp-json\/wp\/v2\/posts\/137"},"_links":{"self":[{"href":"https:\/\/dtsopleidingen.nl\/ro\/wp-json\/wp\/v2\/posts\/137","targetHints":{"allow":["GET"]}}],"collection":[{"href":"https:\/\/dtsopleidingen.nl\/ro\/wp-json\/wp\/v2\/posts"}],"about":[{"href":"https:\/\/dtsopleidingen.nl\/ro\/wp-json\/wp\/v2\/types\/post"}],"author":[{"embeddable":true,"href":"https:\/\/dtsopleidingen.nl\/ro\/wp-json\/wp\/v2\/users\/2"}],"replies":[{"embeddable":true,"href":"https:\/\/dtsopleidingen.nl\/ro\/wp-json\/wp\/v2\/comments?post=137"}],"version-history":[{"count":1,"href":"https:\/\/dtsopleidingen.nl\/ro\/wp-json\/wp\/v2\/posts\/137\/revisions"}],"predecessor-version":[{"id":164,"href":"https:\/\/dtsopleidingen.nl\/ro\/wp-json\/wp\/v2\/posts\/137\/revisions\/164"}],"wp:featuredmedia":[{"embeddable":true,"href":"https:\/\/dtsopleidingen.nl\/ro\/wp-json\/wp\/v2\/media\/134"}],"wp:attachment":[{"href":"https:\/\/dtsopleidingen.nl\/ro\/wp-json\/wp\/v2\/media?parent=137"}],"wp:term":[{"taxonomy":"category","embeddable":true,"href":"https:\/\/dtsopleidingen.nl\/ro\/wp-json\/wp\/v2\/categories?post=137"},{"taxonomy":"post_tag","embeddable":true,"href":"https:\/\/dtsopleidingen.nl\/ro\/wp-json\/wp\/v2\/tags?post=137"}],"curies":[{"name":"wp","href":"https:\/\/api.w.org\/{rel}","templated":true}]}}