{"id":207,"date":"2025-04-08T00:00:00","date_gmt":"2025-04-07T23:00:00","guid":{"rendered":"https:\/\/dtsopleidingen.nl\/wat-zijn-de-dos-en-donts-van-de-mode-voor-voorjaar-2025\/"},"modified":"2025-04-08T00:00:00","modified_gmt":"2025-04-07T23:00:00","slug":"wat-zijn-de-dos-en-donts-van-de-mode-voor-voorjaar-2025","status":"publish","type":"post","link":"https:\/\/dtsopleidingen.nl\/ro\/wat-zijn-de-dos-en-donts-van-de-mode-voor-voorjaar-2025\/","title":{"rendered":"Care sunt lucrurile de f\u0103cut \u0219i cele de evitat \u00een moda prim\u0103verii 2025?"},"content":{"rendered":"<div class=\"kk-star-ratings kksr-auto kksr-align-left kksr-valign-top\"\n    data-payload='{&quot;align&quot;:&quot;left&quot;,&quot;id&quot;:&quot;207&quot;,&quot;slug&quot;:&quot;default&quot;,&quot;valign&quot;:&quot;top&quot;,&quot;ignore&quot;:&quot;&quot;,&quot;reference&quot;:&quot;auto&quot;,&quot;class&quot;:&quot;&quot;,&quot;count&quot;:&quot;0&quot;,&quot;legendonly&quot;:&quot;&quot;,&quot;readonly&quot;:&quot;&quot;,&quot;score&quot;:&quot;0&quot;,&quot;starsonly&quot;:&quot;&quot;,&quot;best&quot;:&quot;5&quot;,&quot;gap&quot;:&quot;5&quot;,&quot;greet&quot;:&quot;Rate this post&quot;,&quot;legend&quot;:&quot;0\\\/5 - (0 votes)&quot;,&quot;size&quot;:&quot;24&quot;,&quot;title&quot;:&quot;Wat zijn de do\\u0026#039;s en don\\u0026#039;ts van de mode voor voorjaar 2025?&quot;,&quot;width&quot;:&quot;0&quot;,&quot;_legend&quot;:&quot;{score}\\\/{best} - ({count} {votes})&quot;,&quot;font_factor&quot;:&quot;1.25&quot;}'>\n            \n<div class=\"kksr-stars\">\n    \n<div class=\"kksr-stars-inactive\">\n            <div class=\"kksr-star\" data-star=\"1\" style=\"padding-right: 5px\">\n            \n\n<div class=\"kksr-icon\" style=\"width: 24px; height: 24px;\"><\/div>\n        <\/div>\n            <div class=\"kksr-star\" data-star=\"2\" style=\"padding-right: 5px\">\n            \n\n<div class=\"kksr-icon\" style=\"width: 24px; height: 24px;\"><\/div>\n        <\/div>\n            <div class=\"kksr-star\" data-star=\"3\" style=\"padding-right: 5px\">\n            \n\n<div class=\"kksr-icon\" style=\"width: 24px; height: 24px;\"><\/div>\n        <\/div>\n            <div class=\"kksr-star\" data-star=\"4\" style=\"padding-right: 5px\">\n            \n\n<div class=\"kksr-icon\" style=\"width: 24px; height: 24px;\"><\/div>\n        <\/div>\n            <div class=\"kksr-star\" data-star=\"5\" style=\"padding-right: 5px\">\n            \n\n<div class=\"kksr-icon\" style=\"width: 24px; height: 24px;\"><\/div>\n        <\/div>\n    <\/div>\n    \n<div class=\"kksr-stars-active\" style=\"width: 0px;\">\n            <div class=\"kksr-star\" style=\"padding-right: 5px\">\n            \n\n<div class=\"kksr-icon\" style=\"width: 24px; height: 24px;\"><\/div>\n        <\/div>\n            <div class=\"kksr-star\" style=\"padding-right: 5px\">\n            \n\n<div class=\"kksr-icon\" style=\"width: 24px; height: 24px;\"><\/div>\n        <\/div>\n            <div class=\"kksr-star\" style=\"padding-right: 5px\">\n            \n\n<div class=\"kksr-icon\" style=\"width: 24px; height: 24px;\"><\/div>\n        <\/div>\n            <div class=\"kksr-star\" style=\"padding-right: 5px\">\n            \n\n<div class=\"kksr-icon\" style=\"width: 24px; height: 24px;\"><\/div>\n        <\/div>\n            <div class=\"kksr-star\" style=\"padding-right: 5px\">\n            \n\n<div class=\"kksr-icon\" style=\"width: 24px; height: 24px;\"><\/div>\n        <\/div>\n    <\/div>\n<\/div>\n                \n\n<div class=\"kksr-legend\" style=\"font-size: 19.2px;\">\n            <span class=\"kksr-muted\">Evalueaz\u0103 aceast\u0103 postare<\/span>\n    <\/div>\n    <\/div>\n<p>Lumea modei se schimb\u0103 rapid, iar ceea ce este ast\u0103zi poate p\u0103rea demodat\u0103 m\u00e2ine. Pentru prim\u0103vara anului 2025, este esen\u021bial s\u0103 fii bine informat despre tendin\u021bele care au dominat podiumurile \u0219i str\u0103zile. Acest sezon se rezum\u0103 la o combina\u021bie de sustenabilitate, culoare \u0219i stil personal. Dar, cu at\u00e2t de multe op\u021biuni, este important s\u0103 \u0219tii ce alegeri s\u0103 \u00eembr\u0103\u021bi\u0219ezi \u0219i pe care s\u0103 le evi\u021bi. \u00cen acest articol, explor\u0103m ce trebuie \u0219i ce nu trebuie f\u0103cut \u00een mod\u0103, astfel \u00eenc\u00e2t s\u0103 po\u021bi intra cu \u00eencredere \u00een aceast\u0103 nou\u0103 er\u0103 a modei.<\/p>\n<p>Indiferent dac\u0103 e\u0219ti o fashionist\u0103 sau pur \u0219i simplu vrei s\u0103-\u021bi \u00eemprosp\u0103tezi garderoba, aceste sfaturi te vor ajuta s\u0103 faci o impresie bun\u0103. De exemplu, sustenabilitatea nu este o mod\u0103 care va disp\u0103rea \u00een cur\u00e2nd; este un stil de via\u021b\u0103 pe care tot mai mul\u021bi oameni \u00eel adopt\u0103. Afl\u0103 cum s\u0103 combini cele mai noi stiluri cu moda etic\u0103. Hai s\u0103 arunc\u0103m o privire mai atent\u0103 la ce s\u0103 faci \u0219i ce s\u0103 nu faci \u00een acest sezon al modei.<\/p>\n<h2>Tendin\u021be vestimentare ideale pentru prim\u0103vara anului 2025<\/h2>\n<p><img decoding=\"async\" alt=\"Vrouw met een trendy outfit, grote oorbellen en een stijlvolle tas, kijkt naar rechts bij een raam.\" src=\"https:\/\/dtsopleidingen.nl\/wp-content\/uploads\/2025\/04\/image8727a36eb7354cd7813d38f282f569cc.png\"\/><\/p>\n<h3>Alege moda sustenabil\u0103<\/h3>\n<p>Sustenabilitatea este un aspect esen\u021bial al modei actuale. Brandurile care se angajeaz\u0103 \u00een produc\u021bia sustenabil\u0103 utilizeaz\u0103 materiale reciclate \u0219i respect\u0103 drepturile lucr\u0103torilor. Atunci c\u00e2nd alege\u021bi haine, este important s\u0103 v\u0103 interesa\u021bi de originea produselor. Un bun punct de plecare este s\u0103 c\u0103uta\u021bi etichete certificate de grupuri de sustenabilitate. \u00cen plus, pute\u021bi lua \u00een considerare \u0219i magazinele second-hand, unde pute\u021bi g\u0103si piese unice care nu sunt doar la mod\u0103, ci \u0219i ecologice. \u00cen acest fel, contribui\u021bi la un mediu mai bun f\u0103r\u0103 a sacrifica stilul.<\/p>\n<h3>Joac\u0103-te cu culorile<\/h3>\n<p>Prim\u0103vara anului 2025 este despre culori vibrante \u0219i expresive. Lumineaz\u0103-\u021bi garderoba cu nuan\u021be str\u0103lucitoare care \u00ee\u021bi vor \u00eembun\u0103t\u0103\u021bi starea de spirit. Pastelurile sunt, de asemenea, o op\u021biune, dac\u0103 sunt combinate bine. Ia \u00een considerare utilizarea ro\u021bii cromatice atunci c\u00e2nd \u00ee\u021bi creezi \u021binutele, astfel \u00eenc\u00e2t s\u0103 po\u021bi combina culorile armonios. Iat\u0103 c\u00e2teva culori populare pentru acest sezon:<\/p>\n<ul>\n<li>Roz aprins<\/li>\n<li>Albastru intens<\/li>\n<li>Galben l\u0103m\u00e2ie<\/li>\n<li>Verde ment\u0103<\/li>\n<li>Portocaliu aprins<\/li>\n<\/ul>\n<h3>Concentra\u021bi-v\u0103 pe accesorii<\/h3>\n<p>Accesoriile sunt o parte crucial\u0103 a oric\u0103rei \u021binute \u0219i pot completa aspectul. \u00cen acest sezon, bijuteriile statement \u0219i gen\u021bile unice sunt esen\u021biale. G\u00e2nde\u0219te-te la cercei supradimensiona\u021bi \u0219i coliere statement care atrag aten\u021bia. Pantofii pot, de asemenea, s\u0103 \u00eenvioreze o \u021binut\u0103; alege o pereche care este at\u00e2t la mod\u0103, c\u00e2t \u0219i confortabil\u0103. Accesoriile potrivite nu numai c\u0103 \u00ee\u021bi completeaz\u0103 hainele, dar adaug\u0103 \u0219i o not\u0103 de personalitate stilului t\u0103u.<\/p>\n<table border=\"1\">\n<tr>\n<th>Accesorii<\/th>\n<th>Tendin\u021be<\/th>\n<\/tr>\n<tr>\n<td>Cercei<\/td>\n<td>Supradimensionat \u0219i colorat<\/td>\n<\/tr>\n<tr>\n<td>Gen\u021bi<\/td>\n<td>Modele unice cu textur\u0103<\/td>\n<\/tr>\n<tr>\n<td>Pantofi<\/td>\n<td>Confortabil \u0219i la mod\u0103<\/td>\n<\/tr>\n<\/table>\n<h2>Mod\u0103 de evitat pentru prim\u0103vara anului 2025<\/h2>\n<p><img decoding=\"async\" alt=\"Groep van acht vrouwen in kleurrijke outfits op een zonnige dag in een park met groene bomen en gras.\" src=\"https:\/\/dtsopleidingen.nl\/wp-content\/uploads\/2025\/04\/image70d57cfe926a44419f70f9a7dc553168.png\"\/><\/p>\n<h3>Evita\u021bi s\u0103 purta\u021bi haine prea str\u00e2mte<\/h3>\n<p>\u0218i, de\u0219i hainele slim-fit \u00ee\u0219i au cu siguran\u021b\u0103 locul lor, confortul este esen\u021bial pentru aspectul t\u0103u general. Hainele prea str\u00e2mte pot fi nu numai nefavorabile, ci \u0219i incomode. Opteaz\u0103 pentru un echilibru \u00eentre stil \u0219i confort. Stilurile lejer-fit sunt la mod\u0103 chiar acum \u0219i pot fi extrem de la mod\u0103. \u00centr-adev\u0103r, croiala potrivit\u0103 poate ridica o \u021binut\u0103 \u00een acela\u0219i timp, f\u0103c\u00e2ndu-te s\u0103 te sim\u021bi liber\u0103 \u0219i \u00eencrez\u0103toare. Simte-te liber\u0103 s\u0103 combini \u0219i s\u0103 asortezi piese cu croial\u0103 lejer\u0103 cu piese mai elegante pentru un aspect echilibrat.<\/p>\n<h3>Nu combina prea multe imprimeuri<\/h3>\n<p>Imprimeurile pot face o impresie aparte, dar prea multe imprimeuri diferite \u00eentr-o singur\u0103 \u021binut\u0103 pot p\u0103rea haotice. Este important s\u0103 men\u021bii o concentrare. Alege un imprimeu \u00eendr\u0103zne\u021b \u0219i p\u0103streaz\u0103 restul \u021binutei simple \u0219i elegante. Un bun exemplu este o rochie floral\u0103 \u00eendr\u0103znea\u021b\u0103 cu accesorii neutre. Acest lucru va men\u021bine \u021binuta armonioas\u0103 \u0219i elegant\u0103. Nu uita c\u0103 uneori simplitatea este cea mai bun\u0103 alegere.<\/p>\n<h3>Aten\u021bie la tendin\u021bele nostalgice<\/h3>\n<p>Stilurile retro sunt populare, dar nu te l\u0103sa prea prins de tendin\u021bele de alt\u0103dat\u0103. Este esen\u021bial s\u0103 modernizezi elementele nostalgice \u0219i s\u0103 le combini cu piese contemporane. \u021ainutele vintage pot fi frumoase, dar ar trebui s\u0103 se potriveasc\u0103 \u0219i stilului t\u0103u actual \u0219i s\u0103 nu se simt\u0103 ca un costum. Caut\u0103 interpret\u0103ri moderne ale stilurilor retro pentru a te asigura c\u0103 ar\u0103\u021bi proasp\u0103t. Acest lucru nu va emana doar con\u0219tientizare a modei, ci \u0219i propria ta identitate.<\/p>\n<h2>Concluzie<\/h2>\n<p>Prim\u0103vara anului 2025 aduce o multitudine de op\u021biuni de mod\u0103 interesante pentru cei care doresc s\u0103-\u0219i exprime stilul. \u021aine cont de ce s\u0103 faci \u0219i ce s\u0103 nu faci te va ajuta s\u0103 te prezin\u021bi la mod\u0103 \u0219i cu \u00eencredere. G\u00e2nde\u0219te-te s\u0103-\u021bi reevaluezi garderoba \u0219i s\u0103 adop\u021bi sustenabilitatea, un amestec juc\u0103u\u0219 de culori \u0219i accesorii la mod\u0103. Nu uita, moda este o expresie a ta - a\u0219a c\u0103 fii creativ \u0219i las\u0103-\u021bi personalitatea s\u0103 str\u0103luceasc\u0103 \u00een \u021binutele tale.<\/p>\n<h2>\u00centreb\u0103ri frecvente<\/h2>\n<ul>\n<li><strong>Care sunt culorile cheie pentru prim\u0103vara anului 2025?<\/strong> Culorile \u00een tendin\u021be sunt vibrante \u0219i izbitoare, cu accent at\u00e2t pe pasteluri, c\u00e2t \u0219i pe nuan\u021be str\u0103lucitoare.<\/li>\n<li><strong>Cum pot integra moda sustenabil\u0103 \u00een garderoba mea?<\/strong> Alege\u021bi m\u0103rci care sunt transparente \u00een ceea ce prive\u0219te procesele lor de produc\u021bie \u0219i utilizeaz\u0103 materiale ecologice.<\/li>\n<li><strong>Care sunt cele mai bune accesorii pentru prim\u0103var\u0103?<\/strong> Bijuteriile statement, gen\u021bile unice \u0219i pantofii confortabili sunt piese obligatorii pentru acest sezon.<\/li>\n<li><strong>Este \u00een regul\u0103 s\u0103 combin mai multe imprimeuri?<\/strong> Se recomand\u0103 s\u0103 opta\u021bi pentru un imprimeu izbitor \u0219i s\u0103 p\u0103stra\u021bi restul \u021binutei simple pentru un aspect echilibrat.<\/li>\n<li><strong>Ce tendin\u021be ar trebui s\u0103 evit \u00een prim\u0103vara anului 2025?<\/strong> Evita\u021bi s\u0103 purta\u021bi haine prea str\u00e2mte, s\u0103 combina\u021bi prea multe imprimeuri \u0219i s\u0103 adopta\u021bi stiluri nostalgice care nu au fost modernizate.<\/li>\n<\/ul>","protected":false},"excerpt":{"rendered":"<p>Lumea modei se schimb\u0103 rapid, iar ceea ce este la mod\u0103 ast\u0103zi poate p\u0103rea demodat\u0103 m\u00e2ine. Pentru prim\u0103vara anului 2025, este esen\u021bial s\u0103 fii bine informat despre tendin\u021bele care au dominat podiumurile \u0219i str\u0103zile. Acest sezon se rezum\u0103 la o combina\u021bie de sustenabilitate, culoare \u0219i stil personal. Dar cu at\u00e2t de multe op\u021biuni, este [\u2026]<\/p>","protected":false},"author":1,"featured_media":200,"comment_status":"open","ping_status":"open","sticky":false,"template":"","format":"standard","meta":{"_acf_changed":false,"footnotes":""},"categories":[1],"tags":[],"class_list":["post-207","post","type-post","status-publish","format-standard","has-post-thumbnail","hentry","category-artikelen"],"acf":[],"yoast_head":"<!-- This site is optimized with the Yoast SEO plugin v23.2 - https:\/\/yoast.com\/wordpress\/plugins\/seo\/ -->\n<title>Do&#039;s en Don&#039;ts van de Mode voor Voorjaar 2025: Stijlvol en Duurzaam<\/title>\n<meta name=\"description\" content=\"Ontdek de do&#039;s en don&#039;ts van de mode voor voorjaar 2025. Leer hoe je duurzaam kunt zijn en kleuren kunt combineren voor een trendy look.\" \/>\n<meta name=\"robots\" content=\"index, follow, max-snippet:-1, max-image-preview:large, max-video-preview:-1\" \/>\n<link rel=\"canonical\" href=\"https:\/\/dtsopleidingen.nl\/ro\/wat-zijn-de-dos-en-donts-van-de-mode-voor-voorjaar-2025\/\" \/>\n<meta property=\"og:locale\" content=\"ro_RO\" \/>\n<meta property=\"og:type\" content=\"article\" \/>\n<meta property=\"og:title\" content=\"Do&#039;s en Don&#039;ts van de Mode voor Voorjaar 2025: Stijlvol en Duurzaam\" \/>\n<meta property=\"og:description\" content=\"Ontdek de do&#039;s en don&#039;ts van de mode voor voorjaar 2025. Leer hoe je duurzaam kunt zijn en kleuren kunt combineren voor een trendy look.\" \/>\n<meta property=\"og:url\" content=\"https:\/\/dtsopleidingen.nl\/ro\/wat-zijn-de-dos-en-donts-van-de-mode-voor-voorjaar-2025\/\" \/>\n<meta property=\"og:site_name\" content=\"dtsopleidingen.nl\" \/>\n<meta property=\"article:published_time\" content=\"2025-04-07T23:00:00+00:00\" \/>\n<meta property=\"og:image\" content=\"https:\/\/dtsopleidingen.nl\/wp-content\/uploads\/2025\/04\/imageb0bbe3b2f2b947458a3135c42e59e974.png\" \/>\n\t<meta property=\"og:image:width\" content=\"1024\" \/>\n\t<meta property=\"og:image:height\" content=\"768\" \/>\n\t<meta property=\"og:image:type\" content=\"image\/png\" \/>\n<meta name=\"author\" content=\"Kimberley Willems\" \/>\n<meta name=\"twitter:card\" content=\"summary_large_image\" \/>\n<meta name=\"twitter:label1\" content=\"Scris de\" \/>\n\t<meta name=\"twitter:data1\" content=\"Kimberley Willems\" \/>\n\t<meta name=\"twitter:label2\" content=\"Timp estimat pentru citire\" \/>\n\t<meta name=\"twitter:data2\" content=\"4 minute\" \/>\n<script type=\"application\/ld+json\" class=\"yoast-schema-graph\">{\"@context\":\"https:\/\/schema.org\",\"@graph\":[{\"@type\":\"WebPage\",\"@id\":\"https:\/\/dtsopleidingen.nl\/wat-zijn-de-dos-en-donts-van-de-mode-voor-voorjaar-2025\/\",\"url\":\"https:\/\/dtsopleidingen.nl\/wat-zijn-de-dos-en-donts-van-de-mode-voor-voorjaar-2025\/\",\"name\":\"Do's en Don'ts van de Mode voor Voorjaar 2025: Stijlvol en Duurzaam\",\"isPartOf\":{\"@id\":\"https:\/\/dtsopleidingen.nl\/#website\"},\"primaryImageOfPage\":{\"@id\":\"https:\/\/dtsopleidingen.nl\/wat-zijn-de-dos-en-donts-van-de-mode-voor-voorjaar-2025\/#primaryimage\"},\"image\":{\"@id\":\"https:\/\/dtsopleidingen.nl\/wat-zijn-de-dos-en-donts-van-de-mode-voor-voorjaar-2025\/#primaryimage\"},\"thumbnailUrl\":\"https:\/\/dtsopleidingen.nl\/wp-content\/uploads\/2025\/04\/imageb0bbe3b2f2b947458a3135c42e59e974.png\",\"datePublished\":\"2025-04-07T23:00:00+00:00\",\"dateModified\":\"2025-04-07T23:00:00+00:00\",\"author\":{\"@id\":\"https:\/\/dtsopleidingen.nl\/#\/schema\/person\/6c61a67a4b5bcbdb4245fed8a3a3f993\"},\"description\":\"Ontdek de do's en don'ts van de mode voor voorjaar 2025. Leer hoe je duurzaam kunt zijn en kleuren kunt combineren voor een trendy look.\",\"breadcrumb\":{\"@id\":\"https:\/\/dtsopleidingen.nl\/wat-zijn-de-dos-en-donts-van-de-mode-voor-voorjaar-2025\/#breadcrumb\"},\"inLanguage\":\"ro-RO\",\"potentialAction\":[{\"@type\":\"ReadAction\",\"target\":[\"https:\/\/dtsopleidingen.nl\/wat-zijn-de-dos-en-donts-van-de-mode-voor-voorjaar-2025\/\"]}]},{\"@type\":\"ImageObject\",\"inLanguage\":\"ro-RO\",\"@id\":\"https:\/\/dtsopleidingen.nl\/wat-zijn-de-dos-en-donts-van-de-mode-voor-voorjaar-2025\/#primaryimage\",\"url\":\"https:\/\/dtsopleidingen.nl\/wp-content\/uploads\/2025\/04\/imageb0bbe3b2f2b947458a3135c42e59e974.png\",\"contentUrl\":\"https:\/\/dtsopleidingen.nl\/wp-content\/uploads\/2025\/04\/imageb0bbe3b2f2b947458a3135c42e59e974.png\",\"width\":1024,\"height\":768},{\"@type\":\"BreadcrumbList\",\"@id\":\"https:\/\/dtsopleidingen.nl\/wat-zijn-de-dos-en-donts-van-de-mode-voor-voorjaar-2025\/#breadcrumb\",\"itemListElement\":[{\"@type\":\"ListItem\",\"position\":1,\"name\":\"Home\",\"item\":\"https:\/\/dtsopleidingen.nl\/\"},{\"@type\":\"ListItem\",\"position\":2,\"name\":\"Wat zijn de do&#8217;s en don&#8217;ts van de mode voor voorjaar 2025?\"}]},{\"@type\":\"WebSite\",\"@id\":\"https:\/\/dtsopleidingen.nl\/#website\",\"url\":\"https:\/\/dtsopleidingen.nl\/\",\"name\":\"dtsopleidingen.nl\",\"description\":\"Ontdek de laatste mode-inzichten, kledingtrends en stijltips\",\"potentialAction\":[{\"@type\":\"SearchAction\",\"target\":{\"@type\":\"EntryPoint\",\"urlTemplate\":\"https:\/\/dtsopleidingen.nl\/?s={search_term_string}\"},\"query-input\":\"required name=search_term_string\"}],\"inLanguage\":\"ro-RO\"},{\"@type\":\"Person\",\"@id\":\"https:\/\/dtsopleidingen.nl\/#\/schema\/person\/6c61a67a4b5bcbdb4245fed8a3a3f993\",\"name\":\"Kimberley Willems\",\"image\":{\"@type\":\"ImageObject\",\"inLanguage\":\"ro-RO\",\"@id\":\"https:\/\/dtsopleidingen.nl\/#\/schema\/person\/image\/\",\"url\":\"https:\/\/dtsopleidingen.nl\/wp-content\/uploads\/2025\/02\/zxqbbognua3_ad_avatar-96x96.jpg\",\"contentUrl\":\"https:\/\/dtsopleidingen.nl\/wp-content\/uploads\/2025\/02\/zxqbbognua3_ad_avatar-96x96.jpg\",\"caption\":\"Kimberley Willems\"},\"description\":\"Ik ben Kimberley Willems, een mode-filosoof uit Utrecht die kleding ziet als een persoonlijk manifest van authenticiteit en zelfexpressie. Met tien jaar ervaring transformeer ik mode van een oppervlakkige trend naar een diepgaande reis van zelfontdekking, waarbij ik duurzaamheid en individualiteit versmelten tot een Art of Living.\",\"url\":\"https:\/\/dtsopleidingen.nl\/ro\/author\/kimberley-willems\/\"}]}<\/script>\n<!-- \/ Yoast SEO plugin. -->","yoast_head_json":{"title":"Do's en Don'ts van de Mode voor Voorjaar 2025: Stijlvol en Duurzaam","description":"Ontdek de do's en don'ts van de mode voor voorjaar 2025. Leer hoe je duurzaam kunt zijn en kleuren kunt combineren voor een trendy look.","robots":{"index":"index","follow":"follow","max-snippet":"max-snippet:-1","max-image-preview":"max-image-preview:large","max-video-preview":"max-video-preview:-1"},"canonical":"https:\/\/dtsopleidingen.nl\/ro\/wat-zijn-de-dos-en-donts-van-de-mode-voor-voorjaar-2025\/","og_locale":"ro_RO","og_type":"article","og_title":"Do's en Don'ts van de Mode voor Voorjaar 2025: Stijlvol en Duurzaam","og_description":"Ontdek de do's en don'ts van de mode voor voorjaar 2025. Leer hoe je duurzaam kunt zijn en kleuren kunt combineren voor een trendy look.","og_url":"https:\/\/dtsopleidingen.nl\/ro\/wat-zijn-de-dos-en-donts-van-de-mode-voor-voorjaar-2025\/","og_site_name":"dtsopleidingen.nl","article_published_time":"2025-04-07T23:00:00+00:00","og_image":[{"width":1024,"height":768,"url":"https:\/\/dtsopleidingen.nl\/wp-content\/uploads\/2025\/04\/imageb0bbe3b2f2b947458a3135c42e59e974.png","type":"image\/png"}],"author":"Kimberley Willems","twitter_card":"summary_large_image","twitter_misc":{"Scris de":"Kimberley Willems","Timp estimat pentru citire":"4 minute"},"schema":{"@context":"https:\/\/schema.org","@graph":[{"@type":"WebPage","@id":"https:\/\/dtsopleidingen.nl\/wat-zijn-de-dos-en-donts-van-de-mode-voor-voorjaar-2025\/","url":"https:\/\/dtsopleidingen.nl\/wat-zijn-de-dos-en-donts-van-de-mode-voor-voorjaar-2025\/","name":"Do's en Don'ts van de Mode voor Voorjaar 2025: Stijlvol en Duurzaam","isPartOf":{"@id":"https:\/\/dtsopleidingen.nl\/#website"},"primaryImageOfPage":{"@id":"https:\/\/dtsopleidingen.nl\/wat-zijn-de-dos-en-donts-van-de-mode-voor-voorjaar-2025\/#primaryimage"},"image":{"@id":"https:\/\/dtsopleidingen.nl\/wat-zijn-de-dos-en-donts-van-de-mode-voor-voorjaar-2025\/#primaryimage"},"thumbnailUrl":"https:\/\/dtsopleidingen.nl\/wp-content\/uploads\/2025\/04\/imageb0bbe3b2f2b947458a3135c42e59e974.png","datePublished":"2025-04-07T23:00:00+00:00","dateModified":"2025-04-07T23:00:00+00:00","author":{"@id":"https:\/\/dtsopleidingen.nl\/#\/schema\/person\/6c61a67a4b5bcbdb4245fed8a3a3f993"},"description":"Ontdek de do's en don'ts van de mode voor voorjaar 2025. Leer hoe je duurzaam kunt zijn en kleuren kunt combineren voor een trendy look.","breadcrumb":{"@id":"https:\/\/dtsopleidingen.nl\/wat-zijn-de-dos-en-donts-van-de-mode-voor-voorjaar-2025\/#breadcrumb"},"inLanguage":"ro-RO","potentialAction":[{"@type":"ReadAction","target":["https:\/\/dtsopleidingen.nl\/wat-zijn-de-dos-en-donts-van-de-mode-voor-voorjaar-2025\/"]}]},{"@type":"ImageObject","inLanguage":"ro-RO","@id":"https:\/\/dtsopleidingen.nl\/wat-zijn-de-dos-en-donts-van-de-mode-voor-voorjaar-2025\/#primaryimage","url":"https:\/\/dtsopleidingen.nl\/wp-content\/uploads\/2025\/04\/imageb0bbe3b2f2b947458a3135c42e59e974.png","contentUrl":"https:\/\/dtsopleidingen.nl\/wp-content\/uploads\/2025\/04\/imageb0bbe3b2f2b947458a3135c42e59e974.png","width":1024,"height":768},{"@type":"BreadcrumbList","@id":"https:\/\/dtsopleidingen.nl\/wat-zijn-de-dos-en-donts-van-de-mode-voor-voorjaar-2025\/#breadcrumb","itemListElement":[{"@type":"ListItem","position":1,"name":"Home","item":"https:\/\/dtsopleidingen.nl\/"},{"@type":"ListItem","position":2,"name":"Wat zijn de do&#8217;s en don&#8217;ts van de mode voor voorjaar 2025?"}]},{"@type":"WebSite","@id":"https:\/\/dtsopleidingen.nl\/#website","url":"https:\/\/dtsopleidingen.nl\/","name":"dtsopleidingen.nl","description":"Ontdek de laatste mode-inzichten, kledingtrends en stijltips","potentialAction":[{"@type":"SearchAction","target":{"@type":"EntryPoint","urlTemplate":"https:\/\/dtsopleidingen.nl\/?s={search_term_string}"},"query-input":"required name=search_term_string"}],"inLanguage":"ro-RO"},{"@type":"Person","@id":"https:\/\/dtsopleidingen.nl\/#\/schema\/person\/6c61a67a4b5bcbdb4245fed8a3a3f993","name":"Kimberley Willems","image":{"@type":"ImageObject","inLanguage":"ro-RO","@id":"https:\/\/dtsopleidingen.nl\/#\/schema\/person\/image\/","url":"https:\/\/dtsopleidingen.nl\/wp-content\/uploads\/2025\/02\/zxqbbognua3_ad_avatar-96x96.jpg","contentUrl":"https:\/\/dtsopleidingen.nl\/wp-content\/uploads\/2025\/02\/zxqbbognua3_ad_avatar-96x96.jpg","caption":"Kimberley Willems"},"description":"Ik ben Kimberley Willems, een mode-filosoof uit Utrecht die kleding ziet als een persoonlijk manifest van authenticiteit en zelfexpressie. Met tien jaar ervaring transformeer ik mode van een oppervlakkige trend naar een diepgaande reis van zelfontdekking, waarbij ik duurzaamheid en individualiteit versmelten tot een Art of Living.","url":"https:\/\/dtsopleidingen.nl\/ro\/author\/kimberley-willems\/"}]}},"yoast_meta":{"yoast_wpseo_title":"","yoast_wpseo_metadesc":"","yoast_wpseo_canonical":"https:\/\/dtsopleidingen.nl\/ro\/wp-json\/wp\/v2\/posts\/207"},"_links":{"self":[{"href":"https:\/\/dtsopleidingen.nl\/ro\/wp-json\/wp\/v2\/posts\/207","targetHints":{"allow":["GET"]}}],"collection":[{"href":"https:\/\/dtsopleidingen.nl\/ro\/wp-json\/wp\/v2\/posts"}],"about":[{"href":"https:\/\/dtsopleidingen.nl\/ro\/wp-json\/wp\/v2\/types\/post"}],"author":[{"embeddable":true,"href":"https:\/\/dtsopleidingen.nl\/ro\/wp-json\/wp\/v2\/users\/1"}],"replies":[{"embeddable":true,"href":"https:\/\/dtsopleidingen.nl\/ro\/wp-json\/wp\/v2\/comments?post=207"}],"version-history":[{"count":0,"href":"https:\/\/dtsopleidingen.nl\/ro\/wp-json\/wp\/v2\/posts\/207\/revisions"}],"wp:featuredmedia":[{"embeddable":true,"href":"https:\/\/dtsopleidingen.nl\/ro\/wp-json\/wp\/v2\/media\/200"}],"wp:attachment":[{"href":"https:\/\/dtsopleidingen.nl\/ro\/wp-json\/wp\/v2\/media?parent=207"}],"wp:term":[{"taxonomy":"category","embeddable":true,"href":"https:\/\/dtsopleidingen.nl\/ro\/wp-json\/wp\/v2\/categories?post=207"},{"taxonomy":"post_tag","embeddable":true,"href":"https:\/\/dtsopleidingen.nl\/ro\/wp-json\/wp\/v2\/tags?post=207"}],"curies":[{"name":"wp","href":"https:\/\/api.w.org\/{rel}","templated":true}]}}